{"id":547,"date":"2021-07-09T12:49:32","date_gmt":"2021-07-09T17:49:32","guid":{"rendered":"https:\/\/news.radyfhs.umanitoba.ca\/cors\/?p=547"},"modified":"2021-09-09T11:15:23","modified_gmt":"2021-09-09T16:15:23","slug":"awards-and-achievements-july-2021","status":"publish","type":"post","link":"https:\/\/news.radyfhs.umanitoba.ca\/cors\/awards-and-achievements-july-2021\/","title":{"rendered":"Awards and Achievements (August 2021)"},"content":{"rendered":"\n<figure class=\"wp-block-image\"><img alt=\"\" \/><\/figure>\n\n\n\n<p>From May &#8211; August 2021, the following CoRS researchers and graduate students contributed to our stated College of Rehabilitation Sciences mission, that is: To create, communicate and advance knowledge, skills, and behaviours in health, quality of life, and participation in collaboration with communities through research, education, and service to the people of Manitoba, Canada, and the world through the following research and scholarly activities (CoRS affiliated faculty\/students in bold<strong>)<\/strong>:<\/p>\n\n\n\n<p><strong>Promotions<\/strong><\/p>\n\n\n\n<p>Congratulations to&nbsp;<strong><a href=\"https:\/\/umanitoba.ca\/rehabilitation-sciences\/faculty-staff\/gayle-restall\" target=\"_blank\" rel=\"noreferrer noopener\">Gayle Restall<\/a>&nbsp;<\/strong>on her promotion to professor in the department of occupational therapy and to&nbsp;<strong><a href=\"https:\/\/umanitoba.ca\/rehabilitation-sciences\/faculty-staff\/joanne-parsons\" target=\"_blank\" rel=\"noreferrer noopener\">Joanne Parsons<\/a><\/strong>&nbsp;on her promotion to associate professor in the department of physical therapy.<\/p>\n\n\n\n<p><strong>Awards<\/strong><\/p>\n\n\n\n<p><strong><a href=\"https:\/\/umanitoba.ca\/rehabilitation-sciences\/faculty-staff\/moni-fricke\" target=\"_blank\" rel=\"noreferrer noopener\">Fricke, M.<\/a><\/strong>, Saunders, L. and&nbsp;<strong><a href=\"https:\/\/umanitoba.ca\/rehabsciences\/urban.html\" target=\"_blank\" rel=\"noreferrer noopener\">Urban, L.<\/a><\/strong>,&nbsp;<em>Medal of Distinction<\/em>, Canadian Physiotherapy Association, for contribution to the profession of physical therapy in Canada over the last 100 years.<\/p>\n\n\n\n<p><strong><a href=\"https:\/\/umanitoba.ca\/rehabsciences\/harvey.html\" target=\"_blank\" rel=\"noreferrer noopener\">Harvey, L.<\/a><\/strong>&nbsp;Received the&nbsp;<em>2021Students\u2019 Teacher Recognition Award<\/em>. Recognizing that academic growth and development occurs over many years, each faculty nominates an outstanding graduating student, who then selects two teachers who have made important contributions to their education \u2013 one from Kindergarten to Grade 12 years and one from their years at the University of Manitoba.<\/p>\n\n\n\n<p><strong>Fernandez, M.&nbsp;<a href=\"https:\/\/umanitoba.ca\/rehabsciences\/harvey.html\" target=\"_blank\" rel=\"noreferrer noopener\">Harvey, L.<\/a>,&nbsp;<a href=\"https:\/\/umanitoba.ca\/rehabilitation-sciences\/faculty-staff\/joanne-parsons\" target=\"_blank\" rel=\"noreferrer noopener\">Parsons, J.<\/a>, McMurray, M., Hodges, G., &amp; Conci, C<\/strong>. Creation of Objective Structured Clinical Examination (OSCE)&nbsp;videos to illustrate the roles and responsibilities of students and faculty. 2021 CoRS Endowment Fund. $3,934<\/p>\n\n\n\n<p><strong><a href=\"https:\/\/umanitoba.ca\/rehabilitation-sciences\/faculty-staff\/moni-fricke\" target=\"_blank\" rel=\"noreferrer noopener\">Fricke, M.<\/a>&nbsp;<\/strong>was awarded the 2021 <em>Susan A Macdonald Memorial Award<\/em> for contribution to the profession in Manitoba by the Manitoba Physiotherapy\u2019s Association.<\/p>\n\n\n\n<p><strong>Grants<\/strong><\/p>\n\n\n\n<p>Sakakibara, BM, Tang, A, <strong><a href=\"https:\/\/umanitoba.ca\/rehabilitation-sciences\/faculty-staff\/ruth-barclay\">Barclay, R.<\/a>,<\/strong>&nbsp;Bayley, M., Davis, J., Eng, JJ., Harris, A., Inness, L., MacKay-Lyons, M., Monaghan, J., Pollock, C., Pooyania, S., Schneeberg, A., Teasell, R. (2021 \u2013 2024). <em>Advancing virtual care in stroke rehabilitation: A randomized controlled trial investigating the TeleRehabilitation with Aims to Improve Lower Extremity Recovery Post-Stroke (TRAIL) program<\/em><em>.<\/em> CanadianInstitutes of Health Research Project Grant. $354,225<\/p>\n\n\n\n<p>Bottari, C.,&nbsp;<strong><a href=\"https:\/\/umanitoba.ca\/rehabilitation-sciences\/faculty-staff\/lisa-engel\" target=\"_blank\" rel=\"noreferrer noopener\">Engel, L.<\/a>,&nbsp;<\/strong>Levesque, M., (Co-PIs),&nbsp;Gignac, M., Lemsky, C., Nalder, E., Rotenberg, S., Schmidt, J., Swaine, B., &amp; Zarshenas, S. (April 2021-April 2022).&nbsp;<em>Enhancing the pandemic responses of disability support services<\/em>. Universit\u00e9 de Montr\u00e9al, Facult\u00e9 de m\u00e9decine, Vice-d\u00e9canat \u00e0 la recherche et au d\u00e9veloppement&nbsp;&nbsp;$50,000<\/p>\n\n\n\n<p><strong><a href=\"https:\/\/umanitoba.ca\/rehabilitation-sciences\/faculty-staff\/moni-fricke\">Fricke, M.<\/a><\/strong>, Arnold, T., <strong>Beach-Ducharme, D.<\/strong>, Buss, M., Cooper, A., Edwards, M., Gruber, J., MacDonald, L., Mayes, C., &amp; Miller, C.&nbsp;<em>Collective action for anti-racism interprofessional health education: Ensuring a safe teaching and learning environment for all. <\/em>Major Project Grant, Scholarship of Teaching and Learning Program. $24,905<\/p>\n\n\n\n<p>Miller W, Elliot J, <strong><a href=\"https:\/\/umanitoba.ca\/rehabilitation-sciences\/faculty-staff\/ed-giesbrecht\">Giesbrecht E.<\/a> <\/strong><em>Co-creating a conceptual framework for digital game design to promote aging well<strong>.<\/strong><\/em><strong> <\/strong>Operating grant, SSHRC Insight Development Grant Competition. $65,650<\/p>\n\n\n\n<p><strong>Mendez, L<\/strong>. (January-March 2021). <em>Increasing Access\/Removing barriers for students in Intermediate II fieldwork.&nbsp;<\/em>Government of Canada\u2019s Innovative Work-Integrated Learning Initiative (I-WIL). $45,000<\/p>\n\n\n\n<p><strong>Mendez, L<\/strong>. (May-August 2021). <em>Increasing Access\/Removing barriers for students in Intermediate I fieldwork.&nbsp;<\/em>Government of Canada\u2019s Innovative Work-Integrated Learning Initiative (I-WIL). $45,000<\/p>\n\n\n\n<p><strong>Mendez, L<\/strong>.&nbsp;(May-August 2021). <em>Promoting BIPOC Excellence in Health Professions.<\/em> Government of Canada\u2019s Innovative Work-Integrated Learning Initiative (I-WIL). $5,960<\/p>\n\n\n\n<p><strong>Mendez, L<\/strong>., Chen, A. (May-August 2021).&nbsp;<em>Poverty Awareness &amp; Community Action: Interprofessional collaboration for resource&nbsp;development and advocacy.<\/em>&nbsp;Government of Canada\u2019s Innovative Work-Integrated Learning Initiative (I-WIL). $28,800<\/p>\n\n\n\n<p><strong>Mendez, L<\/strong>., Chen, A. (May-August 2021).&nbsp;<em>Poverty and the role of Occupational Therapy.&nbsp;<\/em>Government of Canada\u2019s Innovative Work-Integrated Learning Initiative (I-WIL). $3,600<\/p>\n\n\n\n<p><strong><a rel=\"noreferrer noopener\" href=\"https:\/\/umanitoba.ca\/rehabilitation-sciences\/faculty-staff\/diana-sanchez-ramirez\" target=\"_blank\">S\u00e1nchez-Ram\u00edrez D.C.<\/a><\/strong>, Hodges, G., Colbeck, M., Semenko, B. <em>Pulmonary rehabilitation post COVID-19: A pilot study. <\/em>The Health Sciences Centre Foundation Allied Health Grant 2021\/22. $22,428.41<\/p>\n\n\n\n<p>Bhatt, T. (PI) and <a href=\"https:\/\/umanitoba.ca\/rehabilitation-sciences\/faculty-staff\/tony-szturm\"><strong>Szturm, T.<\/strong> <\/a>(Co-I) <em>Perturbation-based assessment and training of reactive balance control: Targeting neuromechanisms of falls in people with cognitive impairment.<\/em> National Institutes of Health, 2021-2024, $190,000<\/p>\n\n\n\n<p><strong><a href=\"https:\/\/umanitoba.ca\/rehabilitation-sciences\/faculty-staff\/patty-thille\">Thille, P.<\/a><\/strong> (2021-2023) <em>Storying Physiotherapy: Exploring fat stigma and clinical care.<\/em> Research Manitoba New Investigator Operating Grant. $39,965<\/p>\n\n\n\n<p><strong>Publications<\/strong><\/p>\n\n\n\n<p><strong><a href=\"https:\/\/umanitoba.ca\/rehabilitation-sciences\/faculty-staff\/cara-brown\" target=\"_blank\" rel=\"noreferrer noopener\">Brown C.L.<\/a><\/strong>&nbsp;&amp; Menec V. (2021). Measuring processes of integrated care for hospital to home transitions.&nbsp;<em>International Journal of Integrated Care<\/em>, 21(2):12. DOI:&nbsp;<a href=\"http:\/\/doi.org\/10.5334\/ijic.5552\">http:\/\/doi.org\/10.5334\/ijic.5552<\/a>&nbsp;<\/p>\n\n\n\n<p><strong><a href=\"https:\/\/umanitoba.ca\/rehabilitation-sciences\/faculty-staff\/amine-choukou\" target=\"_blank\" rel=\"noreferrer noopener\">Choukou, M.A.<\/a><\/strong>, Polyvyana, A. Sakamoto, Y. Osterreicher, A. (2021) Ambient Assisted Living Technologies to support Older Adults\u2019 health and wellness: A systematic mapping review. European Review for Medical and Pharmacological Sciences (Accepted 4\/26)<\/p>\n\n\n\n<p><a href=\"https:\/\/umanitoba.ca\/rehabilitation-sciences\/faculty-staff\/amine-choukou\" target=\"_blank\" rel=\"noreferrer noopener\"><strong>Choukou<\/strong>,&nbsp;<strong>M.A.<\/strong><\/a><strong>,<\/strong>&nbsp;Mbabaali, S.&nbsp;<strong>Bani Hani, J<\/strong>, Cooke, C. (2021) A scoping review of haptic-enabled interventions for hand rehabilitation in stroke patients: a scoping review. Applied Sciences, 11: 3712.<\/p>\n\n\n\n<p><strong><a href=\"https:\/\/umanitoba.ca\/rehabilitation-sciences\/faculty-staff\/amine-choukou\" target=\"_blank\" rel=\"noreferrer noopener\">Choukou M.A.<\/a>,&nbsp;<a href=\"https:\/\/umanitoba.ca\/rehabilitation-sciences\/faculty-staff\/jacquie-ripat\" target=\"_blank\" rel=\"noreferrer noopener\">Ripat J.<\/a>,<\/strong>&nbsp;Mallory-Hill S.,&nbsp;<strong><a href=\"https:\/\/umanitoba.ca\/rehabilitation-sciences\/faculty-staff\/reg-urbanowski\" target=\"_blank\" rel=\"noreferrer noopener\">Urbanowski R.<\/a><\/strong>&nbsp;(2021) Designing the University of Manitoba Technology for Assisted Living Project (TALP): A Collaborative Approach to Supporting Aging in Place. In: Black N.L., Neumann W.P., Noy I. (eds) Proceedings of the 21st Congress of the International Ergonomics Association (IEA 2021). IEA 2021. Lecture Notes in Networks and Systems, vol 220. Springer, Cham&nbsp;<\/p>\n\n\n\n<p><strong>Bani Hani, J.,<\/strong>&nbsp;Mbabaali, S., Monnin, C., Taiar, R.,&nbsp;<strong><a href=\"https:\/\/umanitoba.ca\/rehabilitation-sciences\/faculty-staff\/amine-choukou\" target=\"_blank\" rel=\"noreferrer noopener\">Choukou, M.A.<\/a><\/strong>&nbsp;2021. Users\u2019 Perspectives on Haptic Technology Use in Hand Rehabilitation. In 12th Augmented Human International Conference (AH2021), May 27, 28, 2021, Geneva, Switzerland. ACM, New York, NY, USA<\/p>\n\n\n\n<p>Kaboha, N.,\u00a0<strong>Bani Hani, J.,<\/strong>\u00a0Seigneur, J.M.,\u00a0<a rel=\"noreferrer noopener\" href=\"https:\/\/umanitoba.ca\/rehabilitation-sciences\/faculty-staff\/amine-choukou\" target=\"_blank\"><strong>Choukou, M.A<\/strong>.<\/a>\u00a02021. The Role of Technology in Senior Co-Caregiving Support: A Scoping Review of Senior Care Mobile Applications. In 12th Augmented Human International Conference (AH2021), May 27, 28, 2021, Geneva, Switzerland. ACM, New York, NY, USA<\/p>\n\n\n\n<p><strong>Crawford, T., <a href=\"https:\/\/umanitoba.ca\/rehabilitation-sciences\/faculty-staff\/joanne-parsons\">Parsons, J.<\/a>, <a href=\"https:\/\/umanitoba.ca\/rehabilitation-sciences\/faculty-staff\/sandra-webber\">Webber, S.<\/a>, <a href=\"https:\/\/umanitoba.ca\/rehabilitation-sciences\/faculty-staff\/moni-fricke\">Fricke, M.<\/a>, <a href=\"https:\/\/umanitoba.ca\/rehabilitation-sciences\/faculty-staff\/patty-thille\">Thille, P.<\/a><\/strong> (accepted\/forthcoming). Strategies to increase access to outpatient physiotherapy services: A scoping review. Physiotherapy Canada.<\/p>\n\n\n\n<p><strong>Maddahi, A., Bani Hani J., Asgari, A.<\/strong>, Nassiri, A., <strong><a href=\"https:\/\/umanitoba.ca\/rehabilitation-sciences\/faculty-staff\/amine-choukou\">Choukou, M.A.<\/a> <\/strong>(Accepted 7\/2021). Therapists&#8217; perspectives on a new portable hand telerehabilitation platform for home-based personalized treatment of stroke patients. European Review for Medical and Pharmacological Sciences<\/p>\n\n\n\n<p>Mendelsohn, S., Khoja, L., Alfred, S., He, J., Anderson, M., DuBois, D., Touma, Z., &amp; <strong><a href=\"https:\/\/umanitoba.ca\/rehabilitation-sciences\/faculty-staff\/lisa-engel\">Engel, L.<\/a><\/strong> (2021). Cognitive impairment in systemic lupus erythematosus is negatively related to social role participation and quality of life: A systematic review. Lupus. <a href=\"https:\/\/doi.org\/10.1177\/09612033211031008\">https:\/\/doi.org\/10.1177\/09612033211031008<\/a><\/p>\n\n\n\n<p><strong><a href=\"https:\/\/umanitoba.ca\/rehabilitation-sciences\/faculty-staff\/gayle-restall\" target=\"_blank\" rel=\"noreferrer noopener\">Restall, G<\/a><\/strong>., Diaz, F., Faucher, P., &amp; Roger, K. (2021). Participatory design and qualitative evaluation of a decision guide for workplace human immunodeficiency virus self-disclosure: The importance of a socio-ecological perspective.&nbsp;&nbsp;<em>Health Expectations<\/em>.&nbsp;<a href=\"https:\/\/doi.org\/10.1111\/hex.13252\">https:\/\/doi.org\/10.1111\/hex.13252<\/a><\/p>\n\n\n\n<p><strong><a href=\"https:\/\/umanitoba.ca\/rehabilitation-sciences\/faculty-staff\/diana-sanchez-ramirez\">Sanchez-Ramirez, D.C.<\/a><\/strong>, Normand, K., Zhaoyun, Y,. &amp; Torres-Castro, R. (2021). Long-Term Impact of COVID-19: A Systematic Review of the Literature and Meta-Analysis. &nbsp;<em>Biomedicines<\/em>&nbsp;9, no. 8: 900. <a href=\"https:\/\/doi.org\/10.3390\/biomedicines9080900\">https:\/\/doi.org\/10.3390\/biomedicines9080900<\/a><\/p>\n\n\n\n<p><strong><a href=\"https:\/\/umanitoba.ca\/rehabilitation-sciences\/faculty-staff\/patty-thille\" target=\"_blank\" rel=\"noreferrer noopener\">Thille, P.<\/a>,<\/strong>&nbsp;Rotteau, L., &amp; Webster, F. (2021) More than words: Methods to elicit talk in interviews.&nbsp;<em>Family Practice<\/em>,&nbsp;<em>online first.&nbsp;<\/em>doi:&nbsp;<a href=\"https:\/\/doi.org\/10.1093\/fampra\/cmab043\">10.1093\/fampra\/cmab043<\/a><\/p>\n\n\n\n<p><strong><a href=\"https:\/\/umanitoba.ca\/rehabilitation-sciences\/faculty-staff\/sandra-webber\" target=\"_blank\" rel=\"noreferrer noopener\">Webber, S.C.<\/a><\/strong>, &amp; Porter M.M. Effects of a supervised stretching program on neck, shoulder and trunk range of motion in older women.&nbsp;<em>Canadian Journal on Aging<\/em>. Accepted.<\/p>\n\n\n\n<p><strong><a href=\"https:\/\/umanitoba.ca\/rehabilitation-sciences\/faculty-staff\/sandra-webber\" target=\"_blank\" rel=\"noreferrer noopener\">Webber, S.C.<\/a>, Tittlemier, B.J., &amp; Loewen, H.J.<\/strong>&nbsp;Apparent discordance between COVID-19 epidemiology and recommended outcomes and treatments: A scoping review.&nbsp;<em>Physical Therapy and Rehabilitation Journal (Phys Ther)<\/em>. Accepted.<\/p>\n\n\n\n<p><strong><a href=\"https:\/\/umanitoba.ca\/rehabilitation-sciences\/faculty-staff\/sandra-webber\" target=\"_blank\" rel=\"noreferrer noopener\">Webber, S.C.<\/a>,&nbsp;<a href=\"https:\/\/umanitoba.ca\/rehabilitation-sciences\/faculty-staff\/joanne-parsons\" target=\"_blank\" rel=\"noreferrer noopener\">Parsons, J.L.<\/a>, Arnott, T., Bauer, A., D\u2019Errico, D., Fillion, J., Giesbrecht, J., Loewen, A.,&nbsp;Scheller, C., Tse, J.Y.Y.,&nbsp;<a href=\"https:\/\/umanitoba.ca\/rehabilitation-sciences\/faculty-staff\/patty-thille\" target=\"_blank\" rel=\"noreferrer noopener\">Thille, P.<\/a><\/strong>&nbsp;Signs of inequitable access: Users of private physiotherapy services do not reflect the urban population in Winnipeg, Manitoba.&nbsp;<em>Physiotherapy Canada.<\/em>&nbsp;Accepted.<\/p>\n\n\n\n<p><strong>Yamamoto, C.,&nbsp;<a href=\"https:\/\/umanitoba.ca\/rehabilitation-sciences\/faculty-staff\/pam-wener\" target=\"_blank\" rel=\"noreferrer noopener\">Wener, P.<\/a>,&nbsp;<a href=\"https:\/\/umanitoba.ca\/rehabilitation-sciences\/faculty-staff\/jacquie-ripat\" target=\"_blank\" rel=\"noreferrer noopener\">Ripat, J.<\/a>,<\/strong>&nbsp;Woodgate, R.L. (2021). Understanding interprofessional team delivery of patient-centred care: a qualitative secondary analysis.&nbsp;<em>Journal of Interprofessional Care<\/em>&nbsp;[online].&nbsp;<a href=\"https:\/\/doi.org%20\/10.1080\/13561820.2021.1899146\" target=\"_blank\" rel=\"noreferrer noopener\">https:\/\/doi.org \/10.1080\/13561820.2021.1899146<\/a><\/p>\n\n\n\n<p><strong>Presentations<\/strong><\/p>\n\n\n\n<p><strong><a href=\"https:\/\/umanitoba.ca\/rehabilitation-sciences\/faculty-staff\/moni-fricke\">Fricke, M.<\/a><\/strong>, MacDonald, L., Cooper, A., Davis, L. and Mayes, C. (2021, July 12). The Development of an Interprofessional Curricular Mapping Framework for Interprofessional Education Initiatives. Canadian Physiotherapy Association Virtual Summit Series.&nbsp;<\/p>\n\n\n\n<p><strong><a href=\"https:\/\/umanitoba.ca\/rehabilitation-sciences\/faculty-staff\/moni-fricke\"><strong>Fricke, M.<\/strong><\/a><\/strong>, MacDonald, L., Cooper, A., Davis, L. and Mayes, C. (2021, May 18-19).&nbsp;<em>Real-Time Virtual Simulation in Interprofessional Education<\/em>. Teaching in Practice-Based Professions Conference. Hosted by Mount Royal University Faculty of Health, Community and Education, Calgary, AB.<\/p>\n\n\n\n<p><strong><a href=\"https:\/\/umanitoba.ca\/rehabilitation-sciences\/faculty-staff\/moni-fricke\"><strong>Fricke, M.<\/strong><\/a><\/strong>, MacDonald, L., Davis, L., Cooper, A., Mayes, C., &amp; Oliver, R. (2021, May 13-16).&nbsp;<em>The Exploration of the Impact of Interprofessional Education:&nbsp; dental hygiene, pharmacy, nursing and physiotherapy student perspectives<\/em>. Canadian Physiotherapy Association Congress, Vancouver, BC.<\/p>\n\n\n\n<p><strong><a href=\"https:\/\/umanitoba.ca\/rehabsciences\/harvey.html\" target=\"_blank\" rel=\"noreferrer noopener\">Harvey, L.<\/a>,&nbsp;<\/strong>&amp;<strong>&nbsp;<a href=\"https:\/\/umanitoba.ca\/rehabilitation-sciences\/faculty-staff\/patty-thille\" target=\"_blank\" rel=\"noreferrer noopener\">Thille, P.<\/a>&nbsp;<\/strong>(2021).<strong>&nbsp;<\/strong>My weight&nbsp;enters the room before I do: A&nbsp;public engagement strategy for patients experiencing weight stigma. [Paper presentation] Canadian Physiotherapy Association Congress, online.&nbsp;<a href=\"https:\/\/physiotherapy.ca\/congress-2021\">https:\/\/physiotherapy.ca\/congress-2021<\/a><\/p>\n\n\n\n<p>Lobchuk, M.,&nbsp;<strong><a href=\"https:\/\/umanitoba.ca\/rehabilitation-sciences\/faculty-staff\/cara-brown\" target=\"_blank\" rel=\"noreferrer noopener\">Brown, C.<\/a><\/strong>, Cavette, T.,&nbsp;<strong><a href=\"https:\/\/umanitoba.ca\/rehabilitation-sciences\/faculty-staff\/moni-fricke\" target=\"_blank\" rel=\"noreferrer noopener\">Fricke, M.<\/a><\/strong>, Halas, G., Harder, N., Hoplock, L., Luo, H., &amp; Turcotte, N. (2021, May 3-7).&nbsp;<em>Clinician empathy is not just for patients: A proposal for an interprofessional team&nbsp;empathy project<\/em>.The Canadian Association of Schools of Nursing (CASN) Biennial Canadian&nbsp;Nursing Virtual Education Conference 2021.&nbsp;<\/p>\n\n\n\n<p><strong>McDonald, N.<\/strong>&nbsp;(2021).&nbsp;<em>Sex and Gender Equity in Prehospital 12-lead Acquisition<\/em>. Abstract presented at the University of Manitoba Department of Emergency Medicine Research Day, Winnipeg, MB. &nbsp;&nbsp;&nbsp;<\/p>\n\n\n\n<p>Miller, P., Dal Bello-Haas, V., Rennie, S., Saladin, L.,&nbsp;<strong><a href=\"https:\/\/umanitoba.ca\/rehabilitation-sciences\/faculty-staff\/patty-thille\" target=\"_blank\" rel=\"noreferrer noopener\">Thille, P.<\/a>,<\/strong>&nbsp;&amp; Millette, D. (2021, May 13).Where do core professional values fit in practice? [Panel presentation] Canadian Physiotherapy Association Congress, online<strong>.&nbsp;<\/strong><a href=\"https:\/\/physiotherapy.ca\/congress-2021\">https:\/\/physiotherapy.ca\/congress-2021<\/a><\/p>\n\n\n\n<p><strong><a href=\"https:\/\/umanitoba.ca\/rehabilitation-sciences\/faculty-staff\/joanne-parsons\" target=\"_blank\" rel=\"noreferrer noopener\">Parsons, J.<\/a>,&nbsp;<a href=\"https:\/\/umanitoba.ca\/rehabilitation-sciences\/faculty-staff\/patty-thille\" target=\"_blank\" rel=\"noreferrer noopener\">Thille, P.<\/a>, Crawford, T.,&nbsp;<\/strong>&amp;<strong>&nbsp;<a href=\"https:\/\/umanitoba.ca\/rehabilitation-sciences\/faculty-staff\/sandra-webber\" target=\"_blank\" rel=\"noreferrer noopener\">Webber, S.<\/a>&nbsp;<\/strong>(2021).<strong>&nbsp;<\/strong>Ensuring equitable access to physiotherapy: Current conditions and&nbsp;possible strategies [Panel presentation]. Canadian Physiotherapy Association Congress (online).&nbsp;<a href=\"https:\/\/physiotherapy.ca\/congress-2021\">https:\/\/physiotherapy.ca\/congress-2021<\/a><\/p>\n\n\n\n<p><strong><a href=\"https:\/\/umanitoba.ca\/rehabilitation-sciences\/faculty-staff\/joanne-parsons\" target=\"_blank\" rel=\"noreferrer noopener\">Parsons, J.L.<\/a><\/strong>&nbsp;Invited virtual presentation for the Female Athlete Monthly Meetinghosted by the United Kingdom Women in Sport and Exercise Academic Network on May 10, 2021. \u201cAnterior cruciate ligament injury: Towards a gendered environmental approach.\u201d Available for viewing&nbsp;<a href=\"https:\/\/www.youtube.com\/watch?v=XRuRCf4Nc8o&amp;t=6s\">HERE<\/a>.<\/p>\n\n\n\n<p><strong><a href=\"https:\/\/umanitoba.ca\/rehabilitation-sciences\/faculty-staff\/joanne-parsons\" target=\"_blank\" rel=\"noreferrer noopener\">Parsons, J.L.<\/a><\/strong>, Coen, S. British Journal of Sports Medicine invited podcast, episode #478. \u201cBeyond biology: a gendered approach to injury.\u201d Available&nbsp;<a href=\"https:\/\/soundcloud.com\/bmjpodcasts\/beyond-biology-a-gendered-approach-to-injury-with-joanne-parsons-and-stephanie-coen-ep-478?in=bmjpodcasts\/sets\/bjsm-1\">HERE<\/a>.<\/p>\n\n\n\n<p><strong><a href=\"https:\/\/umanitoba.ca\/rehabilitation-sciences\/faculty-staff\/joanne-parsons\" target=\"_blank\" rel=\"noreferrer noopener\">Parsons, J.L<\/a><\/strong>., Invited virtual presentation for the Female Athlete Monthly Meetinghosted by the United Kingdom Women in Sport and Exercise Academic Network on May 10, 2021. \u201cAnterior cruciate ligament injury: Towards a gendered environmental approach.\u201d Available for viewing&nbsp;<a href=\"https:\/\/www.youtube.com\/watch?v=XRuRCf4Nc8o&amp;t=6s\">HERE<\/a>.<\/p>\n\n\n\n<p><strong><a href=\"https:\/\/umanitoba.ca\/rehabilitation-sciences\/faculty-staff\/joanne-parsons\" target=\"_blank\" rel=\"noreferrer noopener\">Parsons, J.L.<\/a><\/strong>, Coen S. British Journal of Sports Medicine invited podcast, episode #478. \u201cBeyond biology: a gendered approach to injury.\u201d Available&nbsp;<a href=\"https:\/\/soundcloud.com\/bmjpodcasts\/beyond-biology-a-gendered-approach-to-injury-with-joanne-parsons-and-stephanie-coen-ep-478?in=bmjpodcasts\/sets\/bjsm-1\">HERE<\/a>.<\/p>\n\n\n\n<p>Bekker S, Coen S,&nbsp;<strong><a href=\"https:\/\/umanitoba.ca\/rehabilitation-sciences\/faculty-staff\/joanne-parsons\" target=\"_blank\" rel=\"noreferrer noopener\">Parsons, J.&nbsp;<\/a><\/strong>British Journal of Sports Medicine invited blog. \u201cChallenging gendered norms in sport and physical activity: implications for injury prevention.\u201d Available&nbsp;<a href=\"https:\/\/blogs.bmj.com\/bjsm\/2021\/05\/17\/challenging-gendered-norms-in-sport-and-physical-activity-implications-for-injury-prevention\/\">HERE<\/a>.<\/p>\n\n\n\n<p>Bekker S,&nbsp;<strong><a href=\"https:\/\/umanitoba.ca\/rehabilitation-sciences\/faculty-staff\/joanne-parsons\" target=\"_blank\" rel=\"noreferrer noopener\">Parsons, J.<\/a><\/strong>&nbsp;Live interview on Sirius XM\u2019s Sports Medicine Show \u201cDoctor Radio\u201d hosted by Drs. Dennis Cardone and Guillem Lomas of NYU Langone Health regarding our paper \u201cAnterior cruciate ligament injury: Towards a gendered environmental approach.\u201d.<\/p>\n\n\n\n<p><strong><a href=\"https:\/\/umanitoba.ca\/rehabilitation-sciences\/faculty-staff\/joanne-parsons\" target=\"_blank\" rel=\"noreferrer noopener\">Parsons, J.<\/a>:<\/strong>&nbsp;On June 22, 2021, article \u201c<a href=\"https:\/\/bjsm-bmj-com.uml.idm.oclc.org\/content\/early\/2021\/03\/09\/bjsports-2020-103173?utm_campaign=bjsm&amp;utm_content=consumer&amp;utm_medium=cpc&amp;utm_source=trendmd&amp;utm_term=usage-042019\">Anterior cruciate ligament injury: towards a gendered environmental approach<\/a>\u201d was featured on CBC Radio-Canada\u2019s scientific segment \u201cDes Eprouvettes et des Hommes\u201d.&nbsp;<a href=\"https:\/\/ici.radio-canada.ca\/ohdio\/premiere\/emissions\/le-6-a-9\/segments\/entrevue\/360736\/science-6a9-chronique-blessure-genou-sport?fbclid=IwAR14Szwedbr1VVuwgyC33xqLoZvwI4sM5xPD2AjL0qoTrFGIfn9UQ_QtZR8%20\">https:\/\/ici.radio-canada.ca\/ohdio\/premiere\/emissions\/le-6-a-9\/segments\/entrevue\/360736\/science-6a9-chronique-blessure-genou-sport?fbclid=IwAR14Szwedbr1VVuwgyC33xqLoZvwI4sM5xPD2AjL0qoTrFGIfn9UQ_QtZR8<\/a><\/p>\n\n\n\n<p>Bekker, S., Coen, S.,&nbsp;<strong><a href=\"https:\/\/umanitoba.ca\/rehabilitation-sciences\/faculty-staff\/joanne-parsons\" target=\"_blank\" rel=\"noreferrer noopener\">Parsons, J.<\/a><\/strong>&nbsp;British Journal of Sports Medicine invited blog. \u201cChallenging gendered norms in sport and physical activity: implications for injury prevention.\u201d Available&nbsp;<a href=\"https:\/\/blogs.bmj.com\/bjsm\/2021\/05\/17\/challenging-gendered-norms-in-sport-and-physical-activity-implications-for-injury-prevention\/\">HERE<\/a>.<\/p>\n\n\n\n<p>Bekker, S.,&nbsp;<strong><a href=\"https:\/\/umanitoba.ca\/rehabilitation-sciences\/faculty-staff\/joanne-parsons\" target=\"_blank\" rel=\"noreferrer noopener\">Parsons, J.<\/a><\/strong>&nbsp;Live interview on Sirius XM\u2019s Sports Medicine Show \u201cDoctor Radio\u201d hosted by Drs. Dennis Cardone and Guillem Lomas of NYU Langone Health regarding our paper \u201cAnterior cruciate ligament injury: Towards a gendered environmental approach.\u201d.<\/p>\n\n\n\n<p><strong>Rampling, T, Brautigan, E., Bazin,&nbsp;T.<\/strong>, Jack, E., Colquhoun, H.,&nbsp;Robson, J., and&nbsp;<a href=\"https:\/\/umanitoba.ca\/rehabilitation-sciences\/faculty-staff\/lisa-engel\" target=\"_blank\" rel=\"noreferrer noopener\"><strong>Engel, L<\/strong>.&nbsp;<\/a>(2021).&nbsp;Identifying Canadian financial programs for people with disabilities.&nbsp;&nbsp;Canadian Association of Occupational Therapists (CAOT) annual conference, virtual poster presentation, May 16-19, 2021 (Virtual).&nbsp;<\/p>\n\n\n\n<p><strong><a rel=\"noreferrer noopener\" href=\"https:\/\/umanitoba.ca\/rehabilitation-sciences\/faculty-staff\/patty-thille\" target=\"_blank\">Thille, P.<\/a>,\u00a0<a rel=\"noreferrer noopener\" href=\"https:\/\/umanitoba.ca\/rehabsciences\/harvey.html\" target=\"_blank\">Harvey, L.<\/a>,\u00a0<\/strong>&amp;\u00a0<strong><a rel=\"noreferrer noopener\" href=\"https:\/\/umanitoba.ca\/rehabilitation-sciences\/faculty-staff\/sandra-webber\" target=\"_blank\">Webber, S.<\/a>\u00a0<\/strong>(2021).<strong>\u00a0<\/strong>Exploring weight stigma in physiotherapy: A\u00a0multi-method session. [Workshop] Canadian Physiotherapy Association Congress, online.\u00a0<a href=\"https:\/\/physiotherapy.ca\/congress-2021\">https:\/\/physiotherapy.ca\/congress-2021<\/a><\/p>\n\n\n\n<p><strong>Tittlemier, B.<\/strong>, <strong>Wittmeier, K.<\/strong>, Robinson, D., <a href=\"https:\/\/umanitoba.ca\/rehabilitation-sciences\/faculty-staff\/sandra-webber\"><strong>Webber, S.C.<\/strong> <\/a>(August 9, 2021). Knee osteoarthritis: What factors influence the interventions physiotherapists in Canada provide? Presentation for Canadian Physiotherapy Association Virtual Summit Series.<\/p>\n\n\n\n<p><strong><a href=\"https:\/\/umanitoba.ca\/rehabilitation-sciences\/faculty-staff\/pam-wener\" target=\"_blank\" rel=\"noreferrer noopener\">Wener, P.<\/a>,&nbsp;<\/strong>Ratz, J., Beaudry, T., Abraham, L., Marcoux, D.,&nbsp;<strong><a href=\"https:\/\/umanitoba.ca\/rehabsciences\/diamond_burchuk.html\" target=\"_blank\" rel=\"noreferrer noopener\">Diamond Burchuk, L.<\/a>,&nbsp;<\/strong>&amp;<strong>&nbsp;<a href=\"https:\/\/umanitoba.ca\/rehabilitation-sciences\/faculty-staff\/cara-brown\" target=\"_blank\" rel=\"noreferrer noopener\">Brown, C.<\/a><\/strong>&nbsp;Modifying a relationship-building model to guide client-collaboration in Primary Care. Canadian Occupational Therapy Association Annual Conference 2021, Virtual Conference May 19, 2021.<\/p>\n\n\n\n<p><a href=\"https:\/\/umanitoba.ca\/rehabilitation-sciences\/faculty-staff\/pam-wener\" target=\"_blank\" rel=\"noreferrer noopener\"><strong>Wener,<\/strong>&nbsp;<strong>P.<\/strong><\/a>, Salsi, S.,&nbsp;<strong>Neufeld, J., &amp; Koslowsky-Wiebe, U.<\/strong>&nbsp;Client-centered generalists: primary care occupational therapists delivering mental health services. Canadian Occupational Therapy Association Annual Conference 2021, Virtual Conference, May 19, 2021.<\/p>\n\n\n\n<p><strong><a href=\"https:\/\/umanitoba.ca\/rehabilitation-sciences\/faculty-staff\/cara-brown\" target=\"_blank\" rel=\"noreferrer noopener\">Brown, C.<\/a><\/strong>, Beach-Ducharme, D.,&nbsp;<strong><a href=\"https:\/\/umanitoba.ca\/rehabilitation-sciences\/faculty-staff\/jacquie-ripat\" target=\"_blank\" rel=\"noreferrer noopener\">Ripat, J.<\/a>,<\/strong>&nbsp;Hart, K., Marsch, N.,&nbsp;<strong><a href=\"https:\/\/umanitoba.ca\/rehabilitation-sciences\/faculty-staff\/gayle-restall\" target=\"_blank\" rel=\"noreferrer noopener\">Restall, G.<\/a>,<\/strong>&nbsp;Campbell, M.,&nbsp;<strong><a href=\"https:\/\/umanitoba.ca\/rehabilitation-sciences\/faculty-staff\/louise-chartand\" target=\"_blank\" rel=\"noreferrer noopener\">Chartrand, L.<\/a>,<\/strong>&nbsp;Peebles, D., &amp;&nbsp;<strong><a href=\"https:\/\/umanitoba.ca\/rehabilitation-sciences\/faculty-staff\/moni-fricke\" target=\"_blank\" rel=\"noreferrer noopener\">Fricke, M.<\/a><\/strong>&nbsp;(2021, April 9-11).&nbsp;<em>The Spoken Experiences of Canadian Indigenous Physiotherapy and Occupational Therapy Students<\/em>. World Physical Therapy Virtual Congress.&nbsp;<\/p>\n\n\n\n<p>Le Chalifoux, N., Salvalaggio, G., Green, L., Montesnati, S., Hyshka, E., Lofters, A., Pinto, A., Halas, G.,&nbsp;<strong><a href=\"https:\/\/umanitoba.ca\/rehabilitation-sciences\/faculty-staff\/cara-brown\" target=\"_blank\" rel=\"noreferrer noopener\">Brown, C.<\/a>,<\/strong>&nbsp;Cavett, T. Twan, S., Mosaico, F. (2021). The COVID-19 Response on Care Continuity for Urban Underserved Patients in Three Canadian Cities. Canadian Public Helth Association COVID-19 and Public Health Forum. April 21-22.<\/p>\n\n\n\n<p><strong><a href=\"https:\/\/umanitoba.ca\/rehabsciences\/cooper.html\" target=\"_blank\" rel=\"noreferrer noopener\">Cooper, A.<\/a>,<\/strong>&nbsp;Davis, L.&nbsp;<strong><a href=\"https:\/\/umanitoba.ca\/rehabilitation-sciences\/faculty-staff\/moni-fricke\" target=\"_blank\" rel=\"noreferrer noopener\">Fricke, M.<\/a>,<\/strong>&nbsp;MacDonald, L., Mayes, C. &amp;&nbsp;<strong><a href=\"https:\/\/umanitoba.ca\/rehabilitation-sciences\/faculty-staff\/pam-wener\" target=\"_blank\" rel=\"noreferrer noopener\">Wener, P.<\/a><\/strong>&nbsp;(2021, April 26).&nbsp;<em>Leading with others: The power of collaborative leadership in medicine and health care<\/em>. Undergraduate Medical Education Year Four, Max Rady College of Medicine, University of Manitoba, Winnipeg, MB.&nbsp;<\/p>\n\n\n\n<p><strong><a href=\"https:\/\/umanitoba.ca\/rehabsciences\/harvey.html\" target=\"_blank\" rel=\"noreferrer noopener\">Harvey, L.<\/a>,&nbsp;<\/strong>&amp;<strong>&nbsp;<a href=\"https:\/\/umanitoba.ca\/rehabilitation-sciences\/faculty-staff\/patty-thille\" target=\"_blank\" rel=\"noreferrer noopener\">Thille, P.<\/a><\/strong>&nbsp;(2021) Stories, Data, and Image: Using arts-informed methods to engage people experiencing weight stigma in physiotherapy research. World Congress of Physiotherapy (online).<\/p>\n\n\n\n<p><strong><a href=\"https:\/\/umanitoba.ca\/rehabilitation-sciences\/faculty-staff\/gayle-restall\" target=\"_blank\" rel=\"noreferrer noopener\">Restall, G.<\/a><\/strong>&nbsp;(2021, March 27). Development of a workplace disclosure decision guide. Invited panelist to the National Summit on Episodic Disabilities and Employment. Online<\/p>\n","protected":false},"excerpt":{"rendered":"<p>From May &#8211; August 2021, the following CoRS researchers and graduate students contributed to our stated College of Rehabilitation Sciences mission, that is: To create, communicate and advance knowledge, skills, and behaviours in health, quality of life, and participation in collaboration with communities through research, education, and service to the people of Manitoba, Canada, and&hellip;<\/p>\n","protected":false},"author":11,"featured_media":0,"comment_status":"closed","ping_status":"closed","sticky":false,"template":"","format":"standard","meta":[],"categories":[8],"tags":[],"_links":{"self":[{"href":"https:\/\/news.radyfhs.umanitoba.ca\/cors\/wp-json\/wp\/v2\/posts\/547"}],"collection":[{"href":"https:\/\/news.radyfhs.umanitoba.ca\/cors\/wp-json\/wp\/v2\/posts"}],"about":[{"href":"https:\/\/news.radyfhs.umanitoba.ca\/cors\/wp-json\/wp\/v2\/types\/post"}],"author":[{"embeddable":true,"href":"https:\/\/news.radyfhs.umanitoba.ca\/cors\/wp-json\/wp\/v2\/users\/11"}],"replies":[{"embeddable":true,"href":"https:\/\/news.radyfhs.umanitoba.ca\/cors\/wp-json\/wp\/v2\/comments?post=547"}],"version-history":[{"count":6,"href":"https:\/\/news.radyfhs.umanitoba.ca\/cors\/wp-json\/wp\/v2\/posts\/547\/revisions"}],"predecessor-version":[{"id":570,"href":"https:\/\/news.radyfhs.umanitoba.ca\/cors\/wp-json\/wp\/v2\/posts\/547\/revisions\/570"}],"wp:attachment":[{"href":"https:\/\/news.radyfhs.umanitoba.ca\/cors\/wp-json\/wp\/v2\/media?parent=547"}],"wp:term":[{"taxonomy":"category","embeddable":true,"href":"https:\/\/news.radyfhs.umanitoba.ca\/cors\/wp-json\/wp\/v2\/categories?post=547"},{"taxonomy":"post_tag","embeddable":true,"href":"https:\/\/news.radyfhs.umanitoba.ca\/cors\/wp-json\/wp\/v2\/tags?post=547"}],"curies":[{"name":"wp","href":"https:\/\/api.w.org\/{rel}","templated":true}]}}