{"id":834,"date":"2026-04-27T13:24:27","date_gmt":"2026-04-27T18:24:27","guid":{"rendered":"https:\/\/news.radyfhs.umanitoba.ca\/cors\/?p=834"},"modified":"2026-04-27T16:24:06","modified_gmt":"2026-04-27T21:24:06","slug":"community-retreats-under-guidance-of-strong-indigenous-women","status":"publish","type":"post","link":"https:\/\/news.radyfhs.umanitoba.ca\/cors\/community-retreats-under-guidance-of-strong-indigenous-women\/","title":{"rendered":"Spring community gathering under the guidance of \u2018strong Indigenous women\u2019"},"content":{"rendered":"\n<figure class=\"wp-block-image size-large\"><img loading=\"lazy\" width=\"1024\" height=\"657\" src=\"https:\/\/news.radyfhs.umanitoba.ca\/cors\/wp-content\/uploads\/sites\/14\/2026\/04\/IMG_1352-1024x657.jpg\" alt=\"\" class=\"wp-image-835\" srcset=\"https:\/\/news.radyfhs.umanitoba.ca\/cors\/wp-content\/uploads\/sites\/14\/2026\/04\/IMG_1352-1024x657.jpg 1024w, https:\/\/news.radyfhs.umanitoba.ca\/cors\/wp-content\/uploads\/sites\/14\/2026\/04\/IMG_1352-300x193.jpg 300w, https:\/\/news.radyfhs.umanitoba.ca\/cors\/wp-content\/uploads\/sites\/14\/2026\/04\/IMG_1352-768x493.jpg 768w, https:\/\/news.radyfhs.umanitoba.ca\/cors\/wp-content\/uploads\/sites\/14\/2026\/04\/IMG_1352-900x578.jpg 900w, https:\/\/news.radyfhs.umanitoba.ca\/cors\/wp-content\/uploads\/sites\/14\/2026\/04\/IMG_1352.jpg 1200w\" sizes=\"(max-width: 1024px) 100vw, 1024px\" \/><figcaption><sup>Debra Beach Ducharme and Margaret Hart<\/sup><\/figcaption><\/figure>\n\n\n\n<p>At the College of Rehabilitation Sciences\u2019 latest retreat with First Nation community partners, long-time emcee Michael Redhead Champagne said the group is \u201clucky to have such strong Indigenous women leading us.\u201d<\/p>\n\n\n\n<p>For the first time since the two-day retreats began in 2016, the event was organized by Margaret Hart, Indigenous scholar (Ininiw) in the College of Rehabilitation Sciences, and Debra Beach Ducharme, director of Indigenous health integration at Ongomiizwin \u2013 Education under the general guidance of a committee of Elders and community representatives.<\/p>\n\n\n\n<p>They took over the role from Dr. Reg Urbanowski, whose term as dean of the college ends on June 30. He will start his leave in July and over the course of the next year will be working on projects with First Nation communities and completing writing on topics related to health and occupational therapy.<\/p>\n\n\n\n<p>The retreats are a key element of the partnership called Kiga mamo anokimin onji minoayawin \/ Ka mamawiatoskatenow minoyin (translated from Ojibwe and Cree as \u201cWe will work together for health and wellness\u201d).<\/p>\n\n\n<div class=\"wp-block-image\">\n<figure class=\"alignleft size-large is-resized\"><img loading=\"lazy\" src=\"https:\/\/news.radyfhs.umanitoba.ca\/cors\/wp-content\/uploads\/sites\/14\/2026\/04\/IMG_1096-1024x683.jpg\" alt=\"\" class=\"wp-image-836\" width=\"482\" height=\"321\" srcset=\"https:\/\/news.radyfhs.umanitoba.ca\/cors\/wp-content\/uploads\/sites\/14\/2026\/04\/IMG_1096-1024x683.jpg 1024w, https:\/\/news.radyfhs.umanitoba.ca\/cors\/wp-content\/uploads\/sites\/14\/2026\/04\/IMG_1096-300x200.jpg 300w, https:\/\/news.radyfhs.umanitoba.ca\/cors\/wp-content\/uploads\/sites\/14\/2026\/04\/IMG_1096-768x512.jpg 768w, https:\/\/news.radyfhs.umanitoba.ca\/cors\/wp-content\/uploads\/sites\/14\/2026\/04\/IMG_1096-900x600.jpg 900w, https:\/\/news.radyfhs.umanitoba.ca\/cors\/wp-content\/uploads\/sites\/14\/2026\/04\/IMG_1096.jpg 1200w\" sizes=\"(max-width: 482px) 100vw, 482px\" \/><figcaption><sup>Michael Redhead Champagne<\/sup><\/figcaption><\/figure><\/div>\n\n\n<p>Champagne, an Ininiw community leader from Winnipeg\u2019s North End, has hosted the gatherings since the beginning.<\/p>\n\n\n\n<p>As usual, the event allowed each community to share some of the successes of their health and wellness projects, discuss challenges and possible solutions.<\/p>\n\n\n\n<p>In attendance were delegates from 12 First Nations in Manitoba. Invited guests included deans from the College of Nursing, College of Pharmacy and Faculty of Architecture.<\/p>\n\n\n\n<p>Other guests included representatives from UM\u2019s Office of Vice President (Indigenous), Riverview Health Centre, Pharmacists Manitoba, Red River College Polytechnic and Universit\u00e9 du Qu\u00e9bec \u00e0 Trois-Rivi\u00e8res.<\/p>\n\n\n\n<p>The retreat included workshops and panel discussions on \u201ctiny home\u201d initiatives, stroke, pharmacy storage and palliative care with representatives of the Collaborative Housing Alliance, Treaty One Nations, Opaskwayak Health Authority, Heart and Stroke Foundation of Canada, the University of Toronto and Keewatinohk Inniniw Minoayawin Inc.<\/p>\n\n\n\n<p>One of the workshops, led by Hart and Ducharme, was on the prevention of elder abuse, titled \u201cSahkitowin: Ketiyatisak\u201d (translated from Cree as \u201cLove for the Elders, and older adults.\u201d<\/p>\n\n\n\n<p>\u201cThe topic was chosen to reflect Wahkotowin, a strengths-based approach and an accountability to our Elders and older adults. As we move this work forward, we are intentionally shifting our mindset to follow Ininiw and Anishinabe practices and protocols when working with difficult knowledge, such as abuse,\u201d Hart said.<\/p>\n\n\n\n<p>The second day featured a performance by Niighanii Bizhew, meaning Leading Lynx, a female drum group from St. John\u2019s High School. Centered around their Grandmother Drum, the group represents strength, voice and cultural pride. Formed in 2025, the group has quickly grown into a dedicated circle of young women who gather regularly to sing, drum, heal, support one another, and have fun together.<\/p>\n\n\n\n<figure class=\"wp-container-2 wp-block-gallery-1 wp-block-gallery has-nested-images columns-default is-cropped\">\n<figure class=\"wp-block-image size-large\"><img loading=\"lazy\" width=\"1024\" height=\"683\" data-id=\"839\"  src=\"https:\/\/news.radyfhs.umanitoba.ca\/cors\/wp-content\/uploads\/sites\/14\/2026\/04\/IMG_1101-1024x683.jpg\" alt=\"\" class=\"wp-image-839\" srcset=\"https:\/\/news.radyfhs.umanitoba.ca\/cors\/wp-content\/uploads\/sites\/14\/2026\/04\/IMG_1101-1024x683.jpg 1024w, https:\/\/news.radyfhs.umanitoba.ca\/cors\/wp-content\/uploads\/sites\/14\/2026\/04\/IMG_1101-300x200.jpg 300w, https:\/\/news.radyfhs.umanitoba.ca\/cors\/wp-content\/uploads\/sites\/14\/2026\/04\/IMG_1101-768x512.jpg 768w, https:\/\/news.radyfhs.umanitoba.ca\/cors\/wp-content\/uploads\/sites\/14\/2026\/04\/IMG_1101-900x600.jpg 900w, https:\/\/news.radyfhs.umanitoba.ca\/cors\/wp-content\/uploads\/sites\/14\/2026\/04\/IMG_1101.jpg 1200w\" sizes=\"(max-width: 1024px) 100vw, 1024px\" \/><\/figure>\n\n\n\n<figure class=\"wp-block-image size-large\"><img loading=\"lazy\" width=\"1024\" height=\"683\" data-id=\"838\"  src=\"https:\/\/news.radyfhs.umanitoba.ca\/cors\/wp-content\/uploads\/sites\/14\/2026\/04\/IMG_1127-1024x683.jpg\" alt=\"\" class=\"wp-image-838\" srcset=\"https:\/\/news.radyfhs.umanitoba.ca\/cors\/wp-content\/uploads\/sites\/14\/2026\/04\/IMG_1127-1024x683.jpg 1024w, https:\/\/news.radyfhs.umanitoba.ca\/cors\/wp-content\/uploads\/sites\/14\/2026\/04\/IMG_1127-300x200.jpg 300w, https:\/\/news.radyfhs.umanitoba.ca\/cors\/wp-content\/uploads\/sites\/14\/2026\/04\/IMG_1127-768x512.jpg 768w, https:\/\/news.radyfhs.umanitoba.ca\/cors\/wp-content\/uploads\/sites\/14\/2026\/04\/IMG_1127-900x600.jpg 900w, https:\/\/news.radyfhs.umanitoba.ca\/cors\/wp-content\/uploads\/sites\/14\/2026\/04\/IMG_1127.jpg 1200w\" sizes=\"(max-width: 1024px) 100vw, 1024px\" \/><\/figure>\n<\/figure>\n","protected":false},"excerpt":{"rendered":"<p>At the College of Rehabilitation Sciences\u2019 latest retreat with First Nation community partners, long-time emcee Michael Redhead Champagne said the group is \u201clucky to have such strong Indigenous women leading us.\u201d For the first time since the two-day retreats began in 2016, the event was organized by Margaret Hart, Indigenous scholar (Ininiw) in the College&hellip;<\/p>\n","protected":false},"author":7,"featured_media":0,"comment_status":"closed","ping_status":"closed","sticky":false,"template":"","format":"standard","meta":[],"categories":[8],"tags":[],"_links":{"self":[{"href":"https:\/\/news.radyfhs.umanitoba.ca\/cors\/wp-json\/wp\/v2\/posts\/834"}],"collection":[{"href":"https:\/\/news.radyfhs.umanitoba.ca\/cors\/wp-json\/wp\/v2\/posts"}],"about":[{"href":"https:\/\/news.radyfhs.umanitoba.ca\/cors\/wp-json\/wp\/v2\/types\/post"}],"author":[{"embeddable":true,"href":"https:\/\/news.radyfhs.umanitoba.ca\/cors\/wp-json\/wp\/v2\/users\/7"}],"replies":[{"embeddable":true,"href":"https:\/\/news.radyfhs.umanitoba.ca\/cors\/wp-json\/wp\/v2\/comments?post=834"}],"version-history":[{"count":3,"href":"https:\/\/news.radyfhs.umanitoba.ca\/cors\/wp-json\/wp\/v2\/posts\/834\/revisions"}],"predecessor-version":[{"id":846,"href":"https:\/\/news.radyfhs.umanitoba.ca\/cors\/wp-json\/wp\/v2\/posts\/834\/revisions\/846"}],"wp:attachment":[{"href":"https:\/\/news.radyfhs.umanitoba.ca\/cors\/wp-json\/wp\/v2\/media?parent=834"}],"wp:term":[{"taxonomy":"category","embeddable":true,"href":"https:\/\/news.radyfhs.umanitoba.ca\/cors\/wp-json\/wp\/v2\/categories?post=834"},{"taxonomy":"post_tag","embeddable":true,"href":"https:\/\/news.radyfhs.umanitoba.ca\/cors\/wp-json\/wp\/v2\/tags?post=834"}],"curies":[{"name":"wp","href":"https:\/\/api.w.org\/{rel}","templated":true}]}}