{"id":315,"date":"2022-10-19T10:48:34","date_gmt":"2022-10-19T15:48:34","guid":{"rendered":"https:\/\/news.radyfhs.umanitoba.ca\/dentistry\/?p=315"},"modified":"2022-10-19T10:48:36","modified_gmt":"2022-10-19T15:48:36","slug":"publications-3","status":"publish","type":"post","link":"https:\/\/news.radyfhs.umanitoba.ca\/dentistry\/publications-3\/","title":{"rendered":"Publications"},"content":{"rendered":"\n<p>Khan SY, Javed F, Ebadi MH, Schroth RJ. Prevalence and Risk Factors for ECC Among Preschool Children from India along with the Need of its Own CRA Tool- A Systematic Review.J Int Soc Prev Community Dent. 2022 Jun 17;12(3):295-308. doi: 10.4103\/jispcd.JISPCD_56_22. eCollection<\/p>\n\n\n\n<p>Todescan S, Schroth RJ, Dean H, Wicklow B, Sellers E. High prevalence of periodontitis in children and adolescents with type 2 diabetes mellitus. J Periodontol. 2022 Aug 6. doi: 10.1002\/JPER.21-0226.&nbsp;<\/p>\n\n\n\n<p>Lee J, Schroth RJ, Lawrence HP. Nishtam Niwiipitan (My First Teeth): Oral health digital stories from urban Indigenous parents. JDR Clin Trans Res. 2022 Aug 9:23800844221117143. doi: 10.1177\/23800844221117143.<\/p>\n\n\n\n<p>Schroth RJ, Pierce A, Rodd C, Mittermuller B, Grant CG, Kennedy T, Singh S, Moffatt MEK. Improvement in serum vitamin D following surgery to treat severe early childhood caries. Pediatr Dent. 2022 Jul 15;44(4):278-283.<\/p>\n\n\n\n<p>Alai-Towfigh H, Schroth RJ, Hu R, Lee VK, Olatosi O. Canadian dentists&#8217; views on the first dental visit. Front Oral Health 3:957205.doi: 10.3389\/froh.2022.957205.<\/p>\n\n\n\n<p>Williams T, Boyle J, Mittermuller B, Carrico C, Schroth RJ. Association between vitamin D and dental caries in a sample of Canadian and American Preschool Aged Children. Nutrients. 2021 Dec 14;13(12):4465. doi: 10.3390\/nu13124465.<\/p>\n\n\n\n<p>FolayanMO, Obiyan M, El Tantawi M, Kemoli A, Al-Batayneh OB, Gaffar B, Schroth RJ; Early Childhood Caries Advisory Group. An ecological study on the association between early childhood caries and intimate partner violence in 20 low- and middle-income countries: 2007-2017. AAS Open Research. 202, 4:39. doi.org\/10.12688\/aasopenres.13237.2.<\/p>\n\n\n\n<p>Hussein AS, Almoudi MM, Abu-Hassan MI, Schroth RJ, Saripudin B, Firdaus Mohamad MS. Serum and saliva vitamin D levels in relation to dental caries in young children. J Clin Pediatr Dent. 2021 Dec 1;45(6):414-420. doi: 10.17796\/1053-4625-45.6.8.<\/p>\n\n\n\n<p>Schroth RJ, Pierce A, Rodd C, Mittermuller B, Moffatt MEK. Improvement in iron and iron-related nutritional status following pediatric dental surgery to treat severe early childhood caries. Pediatric Dent. 2022 Jan 15;44(1):58-66.<\/p>\n\n\n\n<p><a href=\"https:\/\/www.sciencedirect.com\/science\/article\/pii\/S2772559622000074#!\" data-type=\"URL\" data-id=\"https:\/\/www.sciencedirect.com\/science\/article\/pii\/S2772559622000074#!\">Design, manufacturing and clinical outcomes for additively manufactured titanium dental implants: A systematic review<\/a>. Anastasia Matsko, &nbsp;Rodrigo Fran\u00e7a, Dentistry Review 2 (2022) 100041<\/p>\n\n\n\n<p>Drug-delivery nanoparticles for bone-tissue and dental applications. Taisa Higino and Rodrigo Fran\u00e7a 2022 Biomed. Phys. Eng. Express 8 042001<\/p>\n\n\n\n<p>Color Stability, Translucency, and Wettability of a Lithium Disilicate Dental Ceramics Submitted to Different Surface Treatments. Eduardo J Soares, Rebeca F de Lima Oliveira, Francisca D Jardilino Silame, Rafaella Tonani-Torrieri, Rodrigo Franca, Fernanda de CP Pires-de-Souza. International Journal of Prosthodontics and Restorative Dentistry (2021): 10.5005\/jp-journals-10019-1304<\/p>\n\n\n\n<p>Selective carious tissue removal and glass ionomer liner reduction of pulp stress in bulk-fill resin composite restorations. Monise de Paula RODRIGUES,&nbsp; Laryssa Silva da CUNHA, &nbsp;Andomar Bruno Fernandes VILELA, Ana Cec\u00edlia Teodoro SCHETTINI, Gabriel Felipe de BRAGAN\u00c7A, Rodrigo FRAN\u00c7A,&nbsp; Carlos Jos\u00e9 SOARES. Braz. Oral Res. 2021;35:e119, &nbsp;<a href=\"https:\/\/doi.org\/10.1590\/1807-3107bor-2021.vol35.0119\">https:\/\/doi.org\/10.1590\/1807-3107bor-2021.vol35.0119<\/a><\/p>\n\n\n\n<p>Statistical estimation of wear in permanent teeth: A systematic review. Akeem A. Azeez, Sherif Sherif, Rodrigo Fran\u00e7a. Dentistry Review 1 (2021) 100001. <a href=\"https:\/\/doi.org\/10.1016\/j.dentre.2021.100001\">https:\/\/doi.org\/10.1016\/j.dentre.2021.100001<\/a><\/p>\n\n\n\n<p>Biomaterials in bone and mineralized tissue engineering using 3D printing and bioprinting technologies. Maedeh Rahimnejad, Raziyehsadat Rezvaninejad, Rayehehossadat Rezvaninejad and Rodrigo Fran\u00e7a. Biomed. Phys. Eng. Express 7 (2021) 062001 <\/p>\n","protected":false},"excerpt":{"rendered":"<p>Khan SY, Javed F, Ebadi MH, Schroth RJ. Prevalence and Risk Factors for ECC Among Preschool Children from India along with the Need of its Own CRA Tool- A Systematic Review.J Int Soc Prev Community Dent. 2022 Jun 17;12(3):295-308. doi: 10.4103\/jispcd.JISPCD_56_22. eCollection Todescan S, Schroth RJ, Dean H, Wicklow B, Sellers E. High prevalence of&hellip;<\/p>\n","protected":false},"author":7,"featured_media":0,"comment_status":"closed","ping_status":"closed","sticky":false,"template":"","format":"standard","meta":[],"categories":[3],"tags":[],"_links":{"self":[{"href":"https:\/\/news.radyfhs.umanitoba.ca\/dentistry\/wp-json\/wp\/v2\/posts\/315"}],"collection":[{"href":"https:\/\/news.radyfhs.umanitoba.ca\/dentistry\/wp-json\/wp\/v2\/posts"}],"about":[{"href":"https:\/\/news.radyfhs.umanitoba.ca\/dentistry\/wp-json\/wp\/v2\/types\/post"}],"author":[{"embeddable":true,"href":"https:\/\/news.radyfhs.umanitoba.ca\/dentistry\/wp-json\/wp\/v2\/users\/7"}],"replies":[{"embeddable":true,"href":"https:\/\/news.radyfhs.umanitoba.ca\/dentistry\/wp-json\/wp\/v2\/comments?post=315"}],"version-history":[{"count":6,"href":"https:\/\/news.radyfhs.umanitoba.ca\/dentistry\/wp-json\/wp\/v2\/posts\/315\/revisions"}],"predecessor-version":[{"id":383,"href":"https:\/\/news.radyfhs.umanitoba.ca\/dentistry\/wp-json\/wp\/v2\/posts\/315\/revisions\/383"}],"wp:attachment":[{"href":"https:\/\/news.radyfhs.umanitoba.ca\/dentistry\/wp-json\/wp\/v2\/media?parent=315"}],"wp:term":[{"taxonomy":"category","embeddable":true,"href":"https:\/\/news.radyfhs.umanitoba.ca\/dentistry\/wp-json\/wp\/v2\/categories?post=315"},{"taxonomy":"post_tag","embeddable":true,"href":"https:\/\/news.radyfhs.umanitoba.ca\/dentistry\/wp-json\/wp\/v2\/tags?post=315"}],"curies":[{"name":"wp","href":"https:\/\/api.w.org\/{rel}","templated":true}]}}